{"id":761,"date":"2016-09-28T15:04:15","date_gmt":"2016-09-28T13:04:15","guid":{"rendered":"http:\/\/bottegadelfusto.com\/?p=761"},"modified":"2016-10-08T09:29:55","modified_gmt":"2016-10-08T07:29:55","slug":"la-scelta-dei-colori-nellarredamento-condiziona-lumore","status":"publish","type":"post","link":"https:\/\/bottegadelfusto.com\/index.php\/2016\/09\/28\/la-scelta-dei-colori-nellarredamento-condiziona-lumore\/","title":{"rendered":"La scelta dei colori nell&#8217;arredamento condiziona l&#8217;umore"},"content":{"rendered":"<h3>Il colore ci aiuta stare bene e la selezione delle tinte utilizzate negli ambienti in cui viviamo influisce su di noi: si tratta di un effetto fisico, emotivo e mentale.<\/h3>\n<p>&#8220;Agli uomini il colore dona, in genere, grande diletto. L\u2019occhio ne ha bisogno come ha bisogno della luce&#8221;, cos\u00ec Goethe spiegava i due aspetti fondamentali del colore, quello fisico e quello emotivo. Un concetto che ci appartiene tuttora e che viene messo in pratica in tutte le scelte quotidiane, anche quelle riguardanti la nostra casa.<br \/>\nQuando si pensa all\u2019uso del colore nell\u2019arredamento, una cosa molto importante \u00e8 la selezione delle tinte delle pareti. Infatti ogni colore pu\u00f2 influenzare lo stato d\u2019animo e lo spettro dei colori pu\u00f2 essere paragonato allo spettro delle emozioni, in cui ogni valore cromatico trova una corrispondenza a livello emozionale.<br \/>\nInoltre in ogni ambiente della casa il colore deve dialogare con le forme degli arredi, le funzioni delle varie stanze e la percezione dei volumi. Ma come abbinare le giuste combinazioni ai vari ambienti?<br \/>\nPrendiamo ad esempio il colore viola che nelle ultime stagioni ritroviamo spesso in tutti i settori dell\u2019arredamento: la sua tavolozza comprende molte sfumature e pu\u00f2 essere declinato in varie tonalit\u00e0 dal violetto al fucsia, cremisi, lilla, malva. Se in una stanza utilizziamo queste sue gradazioni, il risultato \u00e8 un\u2019atmosfera tranquilla, che suggerisce stabilit\u00e0 ed equilibrio; se invece accostiamo il viola all\u2019arancio o al giallo, l\u2019ambiente risulta pi\u00f9 energico e dinamico.<br \/>\nUn altro fattore determinante nella scelta cromatica delle pareti \u00e8 l\u2019analisi volumetrica delle proporzioni della casa: nel caso in cui il soffitto della stanza \u00e8 basso, basta utilizzare colori chiari per tinteggiare; se la stanza \u00e8 invece troppo lunga, bisogna usare dei colori caldi o scuri per una parete e colori freddi e chiari per l\u2019altra, in modo da farle sembrare pi\u00f9 vicine.<br \/>\nNon meno importante \u00e8 la valutazione delle luci, sia artificiali che naturali, e degli altri colori gi\u00e0 presenti nei mobili, nei complementi di arredo e negli oggetti presenti. Sicuramente il bianco \u00e8 una tinta che facilita molto questo compito e d\u00e0 grande libert\u00e0 di azione. Il total white, di grande attualit\u00e0 e tendenza, dona sensazioni di apertura e di luce, all\u2019interno del quale ognuno pu\u00f2 abbinare diversi stili di arredamento e creare interessanti mix di design contemporaneo, antiquariato e vintage. Inoltre in un\u2019ambientazione totalmente bianca perch\u00e9 non aggiungere piccoli particolari neri? Un&#8217;idea pu\u00f2 essere quella di inserire delle foto in bianco e nero che regalano un&#8217;aria retro senza essere aggressive.<br \/>\nAltro consiglio fondamentale \u00e8 quello di osservare i colori della natura: l\u2019effetto che pu\u00f2 dare un bosco in autunno, con il fogliame che va dai toni dell\u2019arancio al giallo \u00e8 un\u2019idea di come potrebbe diventare una stanza, dall\u2019effetto caldo e armonioso. Molti sono gli accostamenti perfetti che si possono osservare in natura, come le sfumature di azzurro presenti nel mare e nel cielo oppure le intense tonalit\u00e0 dei fiori e dei frutti. Anche nell\u2019abbinamento dei colori la natura non sbaglia mai e va decisamente presa come fonte di ispirazione.<\/p>\n<p>da: <a href=\"http:\/\/www.newsbiella.it\/2016\/09\/03\/leggi-notizia\/argomenti\/green-economy\/articolo\/la-scelta-dei-colori-nellarredamento-condiziona-lumore.html\" target=\"_blank\">www.newsbiella.it<\/a><\/p>\n","protected":false},"excerpt":{"rendered":"<p>Il colore ci aiuta stare bene e la selezione delle tinte utilizzate negli ambienti in cui viviamo influisce su di noi: si tratta di un effetto fisico, emotivo e mentale. &#8220;Agli uomini il colore dona, in genere, grande diletto. L\u2019occhio ne ha bisogno come ha bisogno della luce&#8221;, cos\u00ec Goethe spiegava i due aspetti fondamentali [&hellip;]<\/p>\n","protected":false},"author":18,"featured_media":796,"comment_status":"open","ping_status":"open","sticky":false,"template":"","format":"standard","meta":{"ngg_post_thumbnail":0,"footnotes":""},"categories":[7,29,55],"tags":[35,8,10,31,38,36],"class_list":["post-761","post","type-post","status-publish","format-standard","has-post-thumbnail","hentry","category-arredi","category-design","category-ristrutturazione","tag-arredare","tag-arredo","tag-artigiani","tag-design","tag-falegname-professionista","tag-manifattura-artigianale"],"yoast_head":"<!-- This site is optimized with the Yoast SEO plugin v24.2 - https:\/\/yoast.com\/wordpress\/plugins\/seo\/ -->\n<title>La scelta dei colori nell&#039;arredamento condiziona l&#039;umore - Bottega del Fusto<\/title>\n<meta name=\"robots\" content=\"index, follow, max-snippet:-1, max-image-preview:large, max-video-preview:-1\" \/>\n<link rel=\"canonical\" href=\"https:\/\/bottegadelfusto.com\/index.php\/2016\/09\/28\/la-scelta-dei-colori-nellarredamento-condiziona-lumore\/\" \/>\n<meta property=\"og:locale\" content=\"it_IT\" \/>\n<meta property=\"og:type\" content=\"article\" \/>\n<meta property=\"og:title\" content=\"La scelta dei colori nell&#039;arredamento condiziona l&#039;umore - Bottega del Fusto\" \/>\n<meta property=\"og:description\" content=\"Il colore ci aiuta stare bene e la selezione delle tinte utilizzate negli ambienti in cui viviamo influisce su di noi: si tratta di un effetto fisico, emotivo e mentale. &#8220;Agli uomini il colore dona, in genere, grande diletto. L\u2019occhio ne ha bisogno come ha bisogno della luce&#8221;, cos\u00ec Goethe spiegava i due aspetti fondamentali [&hellip;]\" \/>\n<meta property=\"og:url\" content=\"https:\/\/bottegadelfusto.com\/index.php\/2016\/09\/28\/la-scelta-dei-colori-nellarredamento-condiziona-lumore\/\" \/>\n<meta property=\"og:site_name\" content=\"Bottega del Fusto\" \/>\n<meta property=\"article:published_time\" content=\"2016-09-28T13:04:15+00:00\" \/>\n<meta property=\"article:modified_time\" content=\"2016-10-08T07:29:55+00:00\" \/>\n<meta property=\"og:image\" content=\"https:\/\/bottegadelfusto.com\/wp-content\/uploads\/2016\/09\/pittura.jpg\" \/>\n\t<meta property=\"og:image:width\" content=\"803\" \/>\n\t<meta property=\"og:image:height\" content=\"602\" \/>\n\t<meta property=\"og:image:type\" content=\"image\/jpeg\" \/>\n<meta name=\"author\" content=\"Master Mas\" \/>\n<meta name=\"twitter:card\" content=\"summary_large_image\" \/>\n<meta name=\"twitter:label1\" content=\"Scritto da\" \/>\n\t<meta name=\"twitter:data1\" content=\"Master Mas\" \/>\n\t<meta name=\"twitter:label2\" content=\"Tempo di lettura stimato\" \/>\n\t<meta name=\"twitter:data2\" content=\"3 minuti\" \/>\n<script type=\"application\/ld+json\" class=\"yoast-schema-graph\">{\"@context\":\"https:\/\/schema.org\",\"@graph\":[{\"@type\":\"WebPage\",\"@id\":\"https:\/\/bottegadelfusto.com\/index.php\/2016\/09\/28\/la-scelta-dei-colori-nellarredamento-condiziona-lumore\/\",\"url\":\"https:\/\/bottegadelfusto.com\/index.php\/2016\/09\/28\/la-scelta-dei-colori-nellarredamento-condiziona-lumore\/\",\"name\":\"La scelta dei colori nell'arredamento condiziona l'umore - Bottega del Fusto\",\"isPartOf\":{\"@id\":\"https:\/\/bottegadelfusto.com\/#website\"},\"primaryImageOfPage\":{\"@id\":\"https:\/\/bottegadelfusto.com\/index.php\/2016\/09\/28\/la-scelta-dei-colori-nellarredamento-condiziona-lumore\/#primaryimage\"},\"image\":{\"@id\":\"https:\/\/bottegadelfusto.com\/index.php\/2016\/09\/28\/la-scelta-dei-colori-nellarredamento-condiziona-lumore\/#primaryimage\"},\"thumbnailUrl\":\"https:\/\/bottegadelfusto.com\/wp-content\/uploads\/2016\/09\/pittura.jpg\",\"datePublished\":\"2016-09-28T13:04:15+00:00\",\"dateModified\":\"2016-10-08T07:29:55+00:00\",\"author\":{\"@id\":\"https:\/\/bottegadelfusto.com\/#\/schema\/person\/ce473b39544c4a06e627aae31363730c\"},\"breadcrumb\":{\"@id\":\"https:\/\/bottegadelfusto.com\/index.php\/2016\/09\/28\/la-scelta-dei-colori-nellarredamento-condiziona-lumore\/#breadcrumb\"},\"inLanguage\":\"it-IT\",\"potentialAction\":[{\"@type\":\"ReadAction\",\"target\":[\"https:\/\/bottegadelfusto.com\/index.php\/2016\/09\/28\/la-scelta-dei-colori-nellarredamento-condiziona-lumore\/\"]}]},{\"@type\":\"ImageObject\",\"inLanguage\":\"it-IT\",\"@id\":\"https:\/\/bottegadelfusto.com\/index.php\/2016\/09\/28\/la-scelta-dei-colori-nellarredamento-condiziona-lumore\/#primaryimage\",\"url\":\"https:\/\/bottegadelfusto.com\/wp-content\/uploads\/2016\/09\/pittura.jpg\",\"contentUrl\":\"https:\/\/bottegadelfusto.com\/wp-content\/uploads\/2016\/09\/pittura.jpg\",\"width\":803,\"height\":602},{\"@type\":\"BreadcrumbList\",\"@id\":\"https:\/\/bottegadelfusto.com\/index.php\/2016\/09\/28\/la-scelta-dei-colori-nellarredamento-condiziona-lumore\/#breadcrumb\",\"itemListElement\":[{\"@type\":\"ListItem\",\"position\":1,\"name\":\"Home\",\"item\":\"https:\/\/bottegadelfusto.com\/\"},{\"@type\":\"ListItem\",\"position\":2,\"name\":\"La scelta dei colori nell&#8217;arredamento condiziona l&#8217;umore\"}]},{\"@type\":\"WebSite\",\"@id\":\"https:\/\/bottegadelfusto.com\/#website\",\"url\":\"https:\/\/bottegadelfusto.com\/\",\"name\":\"Bottega del Fusto\",\"description\":\"I vostri desideri, la nostra passione. Dal 1962.\",\"potentialAction\":[{\"@type\":\"SearchAction\",\"target\":{\"@type\":\"EntryPoint\",\"urlTemplate\":\"https:\/\/bottegadelfusto.com\/?s={search_term_string}\"},\"query-input\":{\"@type\":\"PropertyValueSpecification\",\"valueRequired\":true,\"valueName\":\"search_term_string\"}}],\"inLanguage\":\"it-IT\"},{\"@type\":\"Person\",\"@id\":\"https:\/\/bottegadelfusto.com\/#\/schema\/person\/ce473b39544c4a06e627aae31363730c\",\"name\":\"Master Mas\",\"image\":{\"@type\":\"ImageObject\",\"inLanguage\":\"it-IT\",\"@id\":\"https:\/\/bottegadelfusto.com\/#\/schema\/person\/image\/\",\"url\":\"https:\/\/secure.gravatar.com\/avatar\/81ce16b8c2e71019d78a968785de2fb3?s=96&d=wavatar&r=g\",\"contentUrl\":\"https:\/\/secure.gravatar.com\/avatar\/81ce16b8c2e71019d78a968785de2fb3?s=96&d=wavatar&r=g\",\"caption\":\"Master Mas\"},\"url\":\"https:\/\/bottegadelfusto.com\/index.php\/author\/mastermas\/\"}]}<\/script>\n<!-- \/ Yoast SEO plugin. -->","yoast_head_json":{"title":"La scelta dei colori nell'arredamento condiziona l'umore - Bottega del Fusto","robots":{"index":"index","follow":"follow","max-snippet":"max-snippet:-1","max-image-preview":"max-image-preview:large","max-video-preview":"max-video-preview:-1"},"canonical":"https:\/\/bottegadelfusto.com\/index.php\/2016\/09\/28\/la-scelta-dei-colori-nellarredamento-condiziona-lumore\/","og_locale":"it_IT","og_type":"article","og_title":"La scelta dei colori nell'arredamento condiziona l'umore - Bottega del Fusto","og_description":"Il colore ci aiuta stare bene e la selezione delle tinte utilizzate negli ambienti in cui viviamo influisce su di noi: si tratta di un effetto fisico, emotivo e mentale. &#8220;Agli uomini il colore dona, in genere, grande diletto. L\u2019occhio ne ha bisogno come ha bisogno della luce&#8221;, cos\u00ec Goethe spiegava i due aspetti fondamentali [&hellip;]","og_url":"https:\/\/bottegadelfusto.com\/index.php\/2016\/09\/28\/la-scelta-dei-colori-nellarredamento-condiziona-lumore\/","og_site_name":"Bottega del Fusto","article_published_time":"2016-09-28T13:04:15+00:00","article_modified_time":"2016-10-08T07:29:55+00:00","og_image":[{"width":803,"height":602,"url":"https:\/\/bottegadelfusto.com\/wp-content\/uploads\/2016\/09\/pittura.jpg","type":"image\/jpeg"}],"author":"Master Mas","twitter_card":"summary_large_image","twitter_misc":{"Scritto da":"Master Mas","Tempo di lettura stimato":"3 minuti"},"schema":{"@context":"https:\/\/schema.org","@graph":[{"@type":"WebPage","@id":"https:\/\/bottegadelfusto.com\/index.php\/2016\/09\/28\/la-scelta-dei-colori-nellarredamento-condiziona-lumore\/","url":"https:\/\/bottegadelfusto.com\/index.php\/2016\/09\/28\/la-scelta-dei-colori-nellarredamento-condiziona-lumore\/","name":"La scelta dei colori nell'arredamento condiziona l'umore - Bottega del Fusto","isPartOf":{"@id":"https:\/\/bottegadelfusto.com\/#website"},"primaryImageOfPage":{"@id":"https:\/\/bottegadelfusto.com\/index.php\/2016\/09\/28\/la-scelta-dei-colori-nellarredamento-condiziona-lumore\/#primaryimage"},"image":{"@id":"https:\/\/bottegadelfusto.com\/index.php\/2016\/09\/28\/la-scelta-dei-colori-nellarredamento-condiziona-lumore\/#primaryimage"},"thumbnailUrl":"https:\/\/bottegadelfusto.com\/wp-content\/uploads\/2016\/09\/pittura.jpg","datePublished":"2016-09-28T13:04:15+00:00","dateModified":"2016-10-08T07:29:55+00:00","author":{"@id":"https:\/\/bottegadelfusto.com\/#\/schema\/person\/ce473b39544c4a06e627aae31363730c"},"breadcrumb":{"@id":"https:\/\/bottegadelfusto.com\/index.php\/2016\/09\/28\/la-scelta-dei-colori-nellarredamento-condiziona-lumore\/#breadcrumb"},"inLanguage":"it-IT","potentialAction":[{"@type":"ReadAction","target":["https:\/\/bottegadelfusto.com\/index.php\/2016\/09\/28\/la-scelta-dei-colori-nellarredamento-condiziona-lumore\/"]}]},{"@type":"ImageObject","inLanguage":"it-IT","@id":"https:\/\/bottegadelfusto.com\/index.php\/2016\/09\/28\/la-scelta-dei-colori-nellarredamento-condiziona-lumore\/#primaryimage","url":"https:\/\/bottegadelfusto.com\/wp-content\/uploads\/2016\/09\/pittura.jpg","contentUrl":"https:\/\/bottegadelfusto.com\/wp-content\/uploads\/2016\/09\/pittura.jpg","width":803,"height":602},{"@type":"BreadcrumbList","@id":"https:\/\/bottegadelfusto.com\/index.php\/2016\/09\/28\/la-scelta-dei-colori-nellarredamento-condiziona-lumore\/#breadcrumb","itemListElement":[{"@type":"ListItem","position":1,"name":"Home","item":"https:\/\/bottegadelfusto.com\/"},{"@type":"ListItem","position":2,"name":"La scelta dei colori nell&#8217;arredamento condiziona l&#8217;umore"}]},{"@type":"WebSite","@id":"https:\/\/bottegadelfusto.com\/#website","url":"https:\/\/bottegadelfusto.com\/","name":"Bottega del Fusto","description":"I vostri desideri, la nostra passione. Dal 1962.","potentialAction":[{"@type":"SearchAction","target":{"@type":"EntryPoint","urlTemplate":"https:\/\/bottegadelfusto.com\/?s={search_term_string}"},"query-input":{"@type":"PropertyValueSpecification","valueRequired":true,"valueName":"search_term_string"}}],"inLanguage":"it-IT"},{"@type":"Person","@id":"https:\/\/bottegadelfusto.com\/#\/schema\/person\/ce473b39544c4a06e627aae31363730c","name":"Master Mas","image":{"@type":"ImageObject","inLanguage":"it-IT","@id":"https:\/\/bottegadelfusto.com\/#\/schema\/person\/image\/","url":"https:\/\/secure.gravatar.com\/avatar\/81ce16b8c2e71019d78a968785de2fb3?s=96&d=wavatar&r=g","contentUrl":"https:\/\/secure.gravatar.com\/avatar\/81ce16b8c2e71019d78a968785de2fb3?s=96&d=wavatar&r=g","caption":"Master Mas"},"url":"https:\/\/bottegadelfusto.com\/index.php\/author\/mastermas\/"}]}},"_links":{"self":[{"href":"https:\/\/bottegadelfusto.com\/index.php\/wp-json\/wp\/v2\/posts\/761","targetHints":{"allow":["GET"]}}],"collection":[{"href":"https:\/\/bottegadelfusto.com\/index.php\/wp-json\/wp\/v2\/posts"}],"about":[{"href":"https:\/\/bottegadelfusto.com\/index.php\/wp-json\/wp\/v2\/types\/post"}],"author":[{"embeddable":true,"href":"https:\/\/bottegadelfusto.com\/index.php\/wp-json\/wp\/v2\/users\/18"}],"replies":[{"embeddable":true,"href":"https:\/\/bottegadelfusto.com\/index.php\/wp-json\/wp\/v2\/comments?post=761"}],"version-history":[{"count":2,"href":"https:\/\/bottegadelfusto.com\/index.php\/wp-json\/wp\/v2\/posts\/761\/revisions"}],"predecessor-version":[{"id":764,"href":"https:\/\/bottegadelfusto.com\/index.php\/wp-json\/wp\/v2\/posts\/761\/revisions\/764"}],"wp:featuredmedia":[{"embeddable":true,"href":"https:\/\/bottegadelfusto.com\/index.php\/wp-json\/wp\/v2\/media\/796"}],"wp:attachment":[{"href":"https:\/\/bottegadelfusto.com\/index.php\/wp-json\/wp\/v2\/media?parent=761"}],"wp:term":[{"taxonomy":"category","embeddable":true,"href":"https:\/\/bottegadelfusto.com\/index.php\/wp-json\/wp\/v2\/categories?post=761"},{"taxonomy":"post_tag","embeddable":true,"href":"https:\/\/bottegadelfusto.com\/index.php\/wp-json\/wp\/v2\/tags?post=761"}],"curies":[{"name":"wp","href":"https:\/\/api.w.org\/{rel}","templated":true}]}}